{"id":1629,"date":"2023-05-31T14:06:57","date_gmt":"2023-05-31T12:06:57","guid":{"rendered":"https:\/\/dufourfondation.org\/?p=1629"},"modified":"2023-06-11T17:39:40","modified_gmt":"2023-06-11T15:39:40","slug":"jour-j","status":"publish","type":"post","link":"https:\/\/dufourfondation.org\/en\/jour-j\/","title":{"rendered":"D-Day"},"content":{"rendered":"<p>I am thrilled to announce, together with my wife Bernadette, the birth of our humanitarian foundation. To bring our dream to life, we assembled a team of individuals who share our vision and values. We take this opportunity to acknowledge their commitment, professionalism, and enthusiasm for this cause that is so dear to our hearts.<\/p>\r\n<p>The creation of this foundation was a colossal undertaking, but the scale of the task ahead of us is much greater. We are only at the beginning of this adventure. That is why we are seeking your support to help alleviate the suffering and distress of those in need.<\/p>\r\n<p>By joining forces, we will be able to accomplish the mission we have set for ourselves. Together, we can make a difference and have a positive impact on the lives of the most vulnerable. Thank you in advance for your unwavering support.<\/p>\r\n<p>Sincerely,<\/p>\r\n<p>Philippe Dufour<\/p>","protected":false},"excerpt":{"rendered":"<p>Je suis \u00e9mu de vous annoncer, en compagnie de mon \u00e9pouse Elisabeth, la naissance de notre fondation humanitaire. Pour r\u00e9aliser notre r\u00eave, nous avons rassembl\u00e9 une \u00e9quipe de personnes partageant notre vision et nos valeurs. Nous saisissons cette opportunit\u00e9 pour saluer leur engagement, leur professionnalisme ainsi que leur enthousiasme pour cette cause qui nous tient [&hellip;]<\/p>\n","protected":false},"author":2,"featured_media":1635,"comment_status":"open","ping_status":"open","sticky":false,"template":"","format":"standard","meta":{"footnotes":""},"categories":[1],"tags":[],"class_list":["post-1629","post","type-post","status-publish","format-standard","has-post-thumbnail","hentry","category-uncategorized"],"_links":{"self":[{"href":"https:\/\/dufourfondation.org\/en\/wp-json\/wp\/v2\/posts\/1629","targetHints":{"allow":["GET"]}}],"collection":[{"href":"https:\/\/dufourfondation.org\/en\/wp-json\/wp\/v2\/posts"}],"about":[{"href":"https:\/\/dufourfondation.org\/en\/wp-json\/wp\/v2\/types\/post"}],"author":[{"embeddable":true,"href":"https:\/\/dufourfondation.org\/en\/wp-json\/wp\/v2\/users\/2"}],"replies":[{"embeddable":true,"href":"https:\/\/dufourfondation.org\/en\/wp-json\/wp\/v2\/comments?post=1629"}],"version-history":[{"count":5,"href":"https:\/\/dufourfondation.org\/en\/wp-json\/wp\/v2\/posts\/1629\/revisions"}],"predecessor-version":[{"id":2716,"href":"https:\/\/dufourfondation.org\/en\/wp-json\/wp\/v2\/posts\/1629\/revisions\/2716"}],"wp:featuredmedia":[{"embeddable":true,"href":"https:\/\/dufourfondation.org\/en\/wp-json\/wp\/v2\/media\/1635"}],"wp:attachment":[{"href":"https:\/\/dufourfondation.org\/en\/wp-json\/wp\/v2\/media?parent=1629"}],"wp:term":[{"taxonomy":"category","embeddable":true,"href":"https:\/\/dufourfondation.org\/en\/wp-json\/wp\/v2\/categories?post=1629"},{"taxonomy":"post_tag","embeddable":true,"href":"https:\/\/dufourfondation.org\/en\/wp-json\/wp\/v2\/tags?post=1629"}],"curies":[{"name":"wp","href":"https:\/\/api.w.org\/{rel}","templated":true}]}}